{"id":1665,"date":"2019-11-08T10:10:52","date_gmt":"2019-11-08T10:10:52","guid":{"rendered":"https:\/\/www.imprenditoriamo.it\/site\/?p=1665"},"modified":"2022-01-29T17:05:49","modified_gmt":"2022-01-29T17:05:49","slug":"servizio-di-consultazione-delle-fatture-elettroniche","status":"publish","type":"post","link":"https:\/\/www.imprenditoriamo.it\/site\/servizio-di-consultazione-delle-fatture-elettroniche\/","title":{"rendered":"Servizio di consultazione delle fatture elettroniche dell&#8217;Agenzia delle Entrate"},"content":{"rendered":"<p>&nbsp;<\/p>\n<p class=\"p1\">Fino al <strong>20 Dicembre<\/strong> \u00e8 possibile aderire al servizio di consultazione delle fatture elettroniche dell&#8217;<a href=\"https:\/\/www.agenziaentrate.gov.it\/portale\/web\/guest\/schede\/comunicazioni\/fatture-e-corrispettivi\/faq-fe\/risposte-alle-domande-piu-frequenti-categoria\/consultazione-fatture\" target=\"_blank\" rel=\"noopener\"><strong>Agenzia delle Entrate<\/strong><\/a>. Questo servizio che l&#8217;Agenzia delle Entrate ha messo a disposizione di professionisti ed imprese serve per consultare e scaricare le <strong>proprie fatture elettroniche<\/strong>.<\/p>\n<h2>Perch\u00e9 \u00e8 importante aderire a questo servizio?<\/h2>\n<p>Il servizio di consultazione \u00e8 stato creato per adempiere alle nuove regole Privacy, infatti \u00e8 stato richiesto obbligatoriamente dal <strong>Garante della Privacy<\/strong>, che ha sancito\u00a0<strong>l\u2019illegittimit\u00e0 del trattamento generalizzato <\/strong>della totalit\u00e0 dei dati contenuti nella fattura elettronica per un periodo pluriennale.<\/p>\n<p>Oltre ad essere una <strong>tutela dei propri dati<\/strong> \u00e8 anche un&#8217;ottimo servizio per poter accedere alle proprie fatture e poterle salvare. Le fatture che si possono visionare sono quelle trasmesse\u00a0<strong>da gennaio 2019<\/strong>\u00a0(entrata in vigore dell\u2019obbligo di fattura elettronica).<\/p>\n<p>Entro fine 2019 l\u2019Agenzia delle Entrate provveder\u00e0 alla\u00a0<strong>cancellazione<\/strong>\u00a0di tutti i file relativi alle fatture di coloro che non hanno aderito al servizio.<\/p>\n<h2>Chi pu\u00f2 aderire a questo servizio?<\/h2>\n<p>Non solo aziende e liberi professionisti, ma anche privati cittadini senza partita iva.<\/p>\n<h2>Quando e come \u00e8 possibile aderire al servizio di consultazione?<\/h2>\n<p>In prima battuta, l&#8217;adesione a questo servizio era in vigore dal 2 luglio<strong>\u00a0al 31 ottobre 2019,\u00a0<\/strong>ma questa data di chiusura \u00e8 stata spostata al <strong>20 Dicembre 2019<\/strong>.<\/p>\n<p>Per poter aderire al servizio di consultazione delle fatture elettroniche sono previste 2\u00a0<strong>modalit\u00e0 differenti. <\/strong>Una per\u00a0le <strong>Partite IVA<\/strong> e una per i <strong>Codici Fiscali<\/strong>:<\/p>\n<ul>\n<li>per le partite iva \u00e8 disponibile un&#8217;area presso l&#8217;apposita sezione del portale generale\u00a0<strong>Fatture e Corrispettivi <\/strong>(link\u00a0<a href=\"https:\/\/ivaservizi.agenziaentrate.gov.it\/portale\/\" target=\"_blank\" rel=\"noopener\">https:\/\/ivaservizi.agenziaentrate.gov.it\/portale\/<\/a>)<\/li>\n<li>per i codici fiscali nell\u2019area riservata del portale dell\u2019Agenzia delle Entrate nella quale \u00e8 anche disponibile la dichiarazione precompilata. (Link\u00a0<a href=\"https:\/\/www.agenziaentrate.gov.it\/portale\/it\/web\/guest\/schede\/dichiarazioni\/dichiarazione-precompilata-2019\/accedi-alla-tua-precompilata\" target=\"_blank\" rel=\"noopener\">https:\/\/www.agenziaentrate.gov.it\/portale\/it\/web\/guest\/schede\/dichiarazioni\/dichiarazione-precompilata-2019\/accedi-alla-tua-precompilata)<\/a><\/li>\n<\/ul>\n<h2>Questo servizio di consultazione non <span id=\"Il_servizio_di_consultazione_fattura_elettronica_non_e_la_conservazione_AdE\" class=\"ez-toc-section\">\u00e8 il servizio di conservazione<\/span><\/h2>\n<p><strong>Consultazione<\/strong> e <strong>conservazione<\/strong> sono due servizi completamente <strong>differenti<\/strong> ed \u00e8 bene non confonderli. Il servizio di consultazione e scarico delle fatture \u00e8 un sistema di verifica e ottenimento delle copie delle fatture, mentre il servizio di conservazione \u00e8 un <strong>sistema di sicurezza<\/strong> mediante firma digitale e marca temporale. Solitamente questo servizio ci si pu\u00f2 accedere solo in casi particolari, come la verifica da parte di organi di controllo.<\/p>\n<p>Inoltre questi due servizi sono scollegati tra loro e l&#8217;adesione ad uno dei servizi, <strong>non comporta<\/strong> automaticamente l&#8217;adesione all&#8217;altro.<\/p>\n","protected":false},"excerpt":{"rendered":"<p>&nbsp; Fino al 20 Dicembre \u00e8 possibile aderire al servizio di consultazione delle fatture elettroniche dell&#8217;Agenzia delle Entrate. Questo servizio che l&#8217;Agenzia delle Entrate ha messo a disposizione di professionisti [&hellip;]<\/p>\n","protected":false},"author":1,"featured_media":1671,"comment_status":"closed","ping_status":"closed","sticky":false,"template":"","format":"standard","meta":{"_exactmetrics_skip_tracking":false,"_exactmetrics_sitenote_active":false,"_exactmetrics_sitenote_note":"","_exactmetrics_sitenote_category":0,"_jetpack_newsletter_access":"","_jetpack_dont_email_post_to_subs":false,"_jetpack_newsletter_tier_id":0,"_jetpack_memberships_contains_paywalled_content":false,"_jetpack_memberships_contains_paid_content":false,"footnotes":""},"categories":[31],"tags":[],"class_list":["post-1665","post","type-post","status-publish","format-standard","has-post-thumbnail","hentry","category-guide"],"jetpack_featured_media_url":"https:\/\/www.imprenditoriamo.it\/site\/wp-content\/uploads\/2019\/11\/Imprenditoriamo_Fatture_Elettroniche_Agenzia_Entrate.jpg","jetpack_sharing_enabled":true,"jetpack_shortlink":"https:\/\/wp.me\/pbna4K-qR","_links":{"self":[{"href":"https:\/\/www.imprenditoriamo.it\/site\/wp-json\/wp\/v2\/posts\/1665","targetHints":{"allow":["GET"]}}],"collection":[{"href":"https:\/\/www.imprenditoriamo.it\/site\/wp-json\/wp\/v2\/posts"}],"about":[{"href":"https:\/\/www.imprenditoriamo.it\/site\/wp-json\/wp\/v2\/types\/post"}],"author":[{"embeddable":true,"href":"https:\/\/www.imprenditoriamo.it\/site\/wp-json\/wp\/v2\/users\/1"}],"replies":[{"embeddable":true,"href":"https:\/\/www.imprenditoriamo.it\/site\/wp-json\/wp\/v2\/comments?post=1665"}],"version-history":[{"count":10,"href":"https:\/\/www.imprenditoriamo.it\/site\/wp-json\/wp\/v2\/posts\/1665\/revisions"}],"predecessor-version":[{"id":1673,"href":"https:\/\/www.imprenditoriamo.it\/site\/wp-json\/wp\/v2\/posts\/1665\/revisions\/1673"}],"wp:featuredmedia":[{"embeddable":true,"href":"https:\/\/www.imprenditoriamo.it\/site\/wp-json\/wp\/v2\/media\/1671"}],"wp:attachment":[{"href":"https:\/\/www.imprenditoriamo.it\/site\/wp-json\/wp\/v2\/media?parent=1665"}],"wp:term":[{"taxonomy":"category","embeddable":true,"href":"https:\/\/www.imprenditoriamo.it\/site\/wp-json\/wp\/v2\/categories?post=1665"},{"taxonomy":"post_tag","embeddable":true,"href":"https:\/\/www.imprenditoriamo.it\/site\/wp-json\/wp\/v2\/tags?post=1665"}],"curies":[{"name":"wp","href":"https:\/\/api.w.org\/{rel}","templated":true}]}}